{"id":301,"date":"2016-09-12T21:07:58","date_gmt":"2016-09-12T21:07:58","guid":{"rendered":"http:\/\/lemondenouveau.org\/?p=301"},"modified":"2019-12-30T18:05:52","modified_gmt":"2019-12-30T18:05:52","slug":"presentation-des-conferences","status":"publish","type":"post","link":"https:\/\/lemondenouveau.org\/?p=301","title":{"rendered":"Pr\u00e9sentation de la th\u00e9rapie par la biographie"},"content":{"rendered":"<p><strong><span style=\"color: #3366ff;\">Pr\u00e9sentation de la th\u00e9rapie par la biographie :<\/span><\/strong><\/p>\n<p><span style=\"color: #3366ff;\"><strong>\u00ab\u00a0Le roman de ma vie se comprend mieux par le chemin de ma biographie\u00a0\u00bb. <\/strong><\/span><\/p>\n<p><em><span style=\"color: #3366ff;\">Voir r\u00e9sum\u00e9 de la conf\u00e9rence\u00a0en dessous de la vid\u00e9o.<\/span><\/em><\/p>\n<p><iframe loading=\"lazy\" title=\"Therapie biografe 2\" width=\"700\" height=\"525\" src=\"https:\/\/www.youtube.com\/embed\/n5DBHtGbH2I?feature=oembed\" frameborder=\"0\" allow=\"accelerometer; autoplay; encrypted-media; gyroscope; picture-in-picture\" allowfullscreen><\/iframe><\/p>\n<p>&nbsp;<\/p>\n<p><span style=\"color: #3366ff;\"><strong>\u00ab\u00a0Le roman de ma vie se comprend mieux par le chemin de ma biographie\u00a0\u00bb<\/strong><\/span><\/p>\n<p><span style=\"color: #3366ff;\">L\u2019histoire de vie de chaque personne est unique et compos\u00e9e de cycles de 7 ans appel\u00e9s sept\u00e9naires.\u00a0Dans le passage entre deux cycles, peuvent surgir des crises sous forme de conflits ou de maladies.<\/span><\/p>\n<p><span style=\"color: #3366ff;\">Conna\u00eetre et travailler sur sa biographie permet d\u2019exprimer son individualit\u00e9, de valoriser ses talents et de transformer ces crises de passage en opportunit\u00e9s de croissance.<\/span><\/p>\n<p><span style=\"color: #3366ff;\">Nous aborderons dans la conf\u00e9rence certains aspects g\u00e9n\u00e9raux\u00a0 de transitions entre les sept\u00e9naires \u00e0 travers des exemples :<\/span><\/p>\n<p><span style=\"color: #3366ff;\">Comment travailler par la biographie les particularit\u00e9s des passages\u00a0:<\/span><\/p>\n<ul>\n<li><span style=\"color: #3366ff;\">entre 28 ans et 33 ans<\/span><\/li>\n<li><span style=\"color: #3366ff;\">entre 40 ans et 42 ans, solution cr\u00e9ative ou un repli d\u00e9pressif ?<\/span><\/li>\n<\/ul>\n<p><span style=\"color: #3366ff;\">Puis, la phase de maturit\u00e9<\/span><\/p>\n<p><em><span style=\"color: #3366ff;\">Dr Rosa Machado<\/span><\/em><\/p>\n<p>&nbsp;<\/p>\n<p><span style=\"color: #3366ff;\"><strong>Conf\u00e9rence \u00a0du 3 septembre 2016,\u00a0<\/strong><\/span><\/p>\n<p><span style=\"color: #3366ff;\"><strong>L\u2019\u00e2me\u00a0: Un monde complet entre notre source et notre corps<\/strong><\/span><\/p>\n<p><span style=\"color: #3366ff;\">La science mat\u00e9rialiste reconna\u00eet le corps physique, elle ne parle\u00a0 que de cette dimension ! Mais\u2026 m\u00e9conna\u00eet les corps d\u2019\u00e9nergie, la partie lumi\u00e8re de notre \u00eatre\u2026 Que connaissent depuis des mill\u00e9naires les traditions spirituelles de L\u2019hindouisme, du bouddhisme !<\/span><\/p>\n<p><span style=\"color: #3366ff;\">Et pourtant\u2026<\/span><\/p>\n<ul>\n<li><span style=\"color: #3366ff;\">La vie se forme dans l\u2019\u00e2me avant d\u2019appara\u00eetre sous une forme physique (exemples des feuilles d\u2019arbre, les photos kirlian de l\u2019aura),<\/span><\/li>\n<li><span style=\"color: #3366ff;\">De nombreux ouvrages de th\u00e9rapeutes, rigoureux, document\u00e9s montrent la r\u00e9alit\u00e9 des corps d\u2019\u00e9nergie et l\u2019importance de leurs soins (exemple,\u00a0 Barbara Ann Brennan, ancienne physicienne de la Nasa),<\/span><\/li>\n<li><span style=\"color: #3366ff;\">Les m\u00e9moires des r\u00e9alisations et des souffrances sont pr\u00e9sentes dans l\u2019\u00e2me,<\/span><\/li>\n<li><span style=\"color: #3366ff;\">Les soins de l\u2019\u00e2me ont des r\u00e9sultats imm\u00e9diats,<\/span><\/li>\n<\/ul>\n<p><span style=\"color: #3366ff;\">Comment se pr\u00e9sente notre \u00e2me, comment est-elle constitu\u00e9e, peut-on la voir ? La percevoir ?<\/span><\/p>\n<p><span style=\"color: #3366ff;\">Pratiquant les soins de l\u2019\u00e2me par chromath\u00e9rapie, musicoth\u00e9rapie, magn\u00e9tisme\u00a0 depuis 30 ans, mon exp\u00e9rience est tr\u00e8s riche d\u2019enseignements dont je vous ferai part.<\/span><\/p>\n<p><span style=\"color: #3366ff;\">Parce que l\u2019\u00e2me fait partie de notre \u00eatre, elle contient notre force vitale, les m\u00e9moires affectives, \u00e9motionnelles, notre inconscient et\u2026tout notre \u00eatre spirituel.<\/span><\/p>\n<p><span style=\"color: #3366ff;\">\u00a0Autant dire que conna\u00eetre son \u00e2me, am\u00e8ne de GRANDS CHANGEMENTS DANS SA VIE !<\/span><\/p>\n<p><span style=\"color: #3366ff;\">Ce n\u2019est pas une question purement intellectuelle ou philosophique, cela concerne tout notre \u00eatre et la valeur de notre vie, son chemin, sa force, la solidit\u00e9, le courage, la d\u00e9termination, etc\u2026<\/span><\/p>\n<p><span style=\"color: #3366ff;\">Pierre Marie<\/span><\/p>\n<p>&nbsp;<\/p>\n","protected":false},"excerpt":{"rendered":"<p>Pr\u00e9sentation de la th\u00e9rapie par la biographie : \u00ab\u00a0Le roman de ma vie se comprend mieux par le chemin de ma biographie\u00a0\u00bb. Voir r\u00e9sum\u00e9 de la conf\u00e9rence\u00a0en dessous de la vid\u00e9o. &nbsp; \u00ab\u00a0Le roman de ma vie se comprend mieux&hellip; <\/p>\n","protected":false},"author":1,"featured_media":0,"comment_status":"open","ping_status":"open","sticky":false,"template":"","format":"standard","meta":{"footnotes":""},"categories":[6],"tags":[11,79,75,78,77,74,80],"class_list":["post-301","post","type-post","status-publish","format-standard","hentry","category-therapie-par-la-biographie","tag-ame","tag-aura","tag-biographie","tag-corps-denergie","tag-corps-lumiere","tag-therapie","tag-therapie-biographie"],"yoast_head":"<!-- This site is optimized with the Yoast SEO plugin v28.4 - https:\/\/yoast.com\/product\/yoast-seo-wordpress\/ -->\n<title>Pr\u00e9sentation de la th\u00e9rapie par la biographie - Le Monde Nouveau<\/title>\n<meta name=\"robots\" content=\"index, follow, max-snippet:-1, max-image-preview:large, max-video-preview:-1\" \/>\n<link rel=\"canonical\" href=\"https:\/\/lemondenouveau.org\/?p=301\" \/>\n<meta property=\"og:locale\" content=\"fr_FR\" \/>\n<meta property=\"og:type\" content=\"article\" \/>\n<meta property=\"og:title\" content=\"Pr\u00e9sentation de la th\u00e9rapie par la biographie - Le Monde Nouveau\" \/>\n<meta property=\"og:description\" content=\"Pr\u00e9sentation de la th\u00e9rapie par la biographie : \u00ab\u00a0Le roman de ma vie se comprend mieux par le chemin de ma biographie\u00a0\u00bb. Voir r\u00e9sum\u00e9 de la conf\u00e9rence\u00a0en dessous de la vid\u00e9o. &nbsp; \u00ab\u00a0Le roman de ma vie se comprend mieux&hellip;\" \/>\n<meta property=\"og:url\" content=\"https:\/\/lemondenouveau.org\/?p=301\" \/>\n<meta property=\"og:site_name\" content=\"Le Monde Nouveau\" \/>\n<meta property=\"article:published_time\" content=\"2016-09-12T21:07:58+00:00\" \/>\n<meta property=\"article:modified_time\" content=\"2019-12-30T18:05:52+00:00\" \/>\n<meta name=\"author\" content=\"Pierre Marie\" \/>\n<meta name=\"twitter:card\" content=\"summary_large_image\" \/>\n<meta name=\"twitter:label1\" content=\"\u00c9crit par\" \/>\n\t<meta name=\"twitter:data1\" content=\"Pierre Marie\" \/>\n\t<meta name=\"twitter:label2\" content=\"Dur\u00e9e de lecture estim\u00e9e\" \/>\n\t<meta name=\"twitter:data2\" content=\"2 minutes\" \/>\n<script type=\"application\/ld+json\" class=\"yoast-schema-graph\">{\"@context\":\"https:\\\/\\\/schema.org\",\"@graph\":[{\"@type\":\"Article\",\"@id\":\"https:\\\/\\\/lemondenouveau.org\\\/?p=301#article\",\"isPartOf\":{\"@id\":\"https:\\\/\\\/lemondenouveau.org\\\/?p=301\"},\"author\":{\"name\":\"Pierre Marie\",\"@id\":\"https:\\\/\\\/lemondenouveau.org\\\/#\\\/schema\\\/person\\\/cea711afff6edcdb7abe975014e2e4fe\"},\"headline\":\"Pr\u00e9sentation de la th\u00e9rapie par la biographie\",\"datePublished\":\"2016-09-12T21:07:58+00:00\",\"dateModified\":\"2019-12-30T18:05:52+00:00\",\"mainEntityOfPage\":{\"@id\":\"https:\\\/\\\/lemondenouveau.org\\\/?p=301\"},\"wordCount\":453,\"commentCount\":0,\"keywords\":[\"\u00e2me\",\"aura\",\"biographie\",\"corps d'\u00e9nergie\",\"corps lumi\u00e8re\",\"th\u00e9rapie\",\"th\u00e9rapie biographie\"],\"articleSection\":[\"Th\u00e9rapie par la biographie\"],\"inLanguage\":\"fr-FR\",\"potentialAction\":[{\"@type\":\"CommentAction\",\"name\":\"Comment\",\"target\":[\"https:\\\/\\\/lemondenouveau.org\\\/?p=301#respond\"]}]},{\"@type\":\"WebPage\",\"@id\":\"https:\\\/\\\/lemondenouveau.org\\\/?p=301\",\"url\":\"https:\\\/\\\/lemondenouveau.org\\\/?p=301\",\"name\":\"Pr\u00e9sentation de la th\u00e9rapie par la biographie - Le Monde Nouveau\",\"isPartOf\":{\"@id\":\"https:\\\/\\\/lemondenouveau.org\\\/#website\"},\"datePublished\":\"2016-09-12T21:07:58+00:00\",\"dateModified\":\"2019-12-30T18:05:52+00:00\",\"author\":{\"@id\":\"https:\\\/\\\/lemondenouveau.org\\\/#\\\/schema\\\/person\\\/cea711afff6edcdb7abe975014e2e4fe\"},\"breadcrumb\":{\"@id\":\"https:\\\/\\\/lemondenouveau.org\\\/?p=301#breadcrumb\"},\"inLanguage\":\"fr-FR\",\"potentialAction\":[{\"@type\":\"ReadAction\",\"target\":[\"https:\\\/\\\/lemondenouveau.org\\\/?p=301\"]}]},{\"@type\":\"BreadcrumbList\",\"@id\":\"https:\\\/\\\/lemondenouveau.org\\\/?p=301#breadcrumb\",\"itemListElement\":[{\"@type\":\"ListItem\",\"position\":1,\"name\":\"Accueil\",\"item\":\"https:\\\/\\\/lemondenouveau.org\\\/\"},{\"@type\":\"ListItem\",\"position\":2,\"name\":\"Pr\u00e9sentation de la th\u00e9rapie par la biographie\"}]},{\"@type\":\"WebSite\",\"@id\":\"https:\\\/\\\/lemondenouveau.org\\\/#website\",\"url\":\"https:\\\/\\\/lemondenouveau.org\\\/\",\"name\":\"Le Monde Nouveau\",\"description\":\"Ce site est ouvert \u00e0 toutes recherches profondes permettant de comprendre les \u00e9v\u00e9nements du pass\u00e9, du pr\u00e9sent et de dessiner l\u2019\u00e9volution de l\u2019avenir.\",\"potentialAction\":[{\"@type\":\"SearchAction\",\"target\":{\"@type\":\"EntryPoint\",\"urlTemplate\":\"https:\\\/\\\/lemondenouveau.org\\\/?s={search_term_string}\"},\"query-input\":{\"@type\":\"PropertyValueSpecification\",\"valueRequired\":true,\"valueName\":\"search_term_string\"}}],\"inLanguage\":\"fr-FR\"},{\"@type\":\"Person\",\"@id\":\"https:\\\/\\\/lemondenouveau.org\\\/#\\\/schema\\\/person\\\/cea711afff6edcdb7abe975014e2e4fe\",\"name\":\"Pierre Marie\",\"image\":{\"@type\":\"ImageObject\",\"inLanguage\":\"fr-FR\",\"@id\":\"https:\\\/\\\/secure.gravatar.com\\\/avatar\\\/6c8d56128c24f3a5d67dbfe7178f829c76c588c34539f5326241adb814b82020?s=96&d=mm&r=g\",\"url\":\"https:\\\/\\\/secure.gravatar.com\\\/avatar\\\/6c8d56128c24f3a5d67dbfe7178f829c76c588c34539f5326241adb814b82020?s=96&d=mm&r=g\",\"contentUrl\":\"https:\\\/\\\/secure.gravatar.com\\\/avatar\\\/6c8d56128c24f3a5d67dbfe7178f829c76c588c34539f5326241adb814b82020?s=96&d=mm&r=g\",\"caption\":\"Pierre Marie\"},\"url\":\"https:\\\/\\\/lemondenouveau.org\\\/?author=1\"}]}<\/script>\n<!-- \/ Yoast SEO plugin. -->","yoast_head_json":{"title":"Pr\u00e9sentation de la th\u00e9rapie par la biographie - Le Monde Nouveau","robots":{"index":"index","follow":"follow","max-snippet":"max-snippet:-1","max-image-preview":"max-image-preview:large","max-video-preview":"max-video-preview:-1"},"canonical":"https:\/\/lemondenouveau.org\/?p=301","og_locale":"fr_FR","og_type":"article","og_title":"Pr\u00e9sentation de la th\u00e9rapie par la biographie - Le Monde Nouveau","og_description":"Pr\u00e9sentation de la th\u00e9rapie par la biographie : \u00ab\u00a0Le roman de ma vie se comprend mieux par le chemin de ma biographie\u00a0\u00bb. Voir r\u00e9sum\u00e9 de la conf\u00e9rence\u00a0en dessous de la vid\u00e9o. &nbsp; \u00ab\u00a0Le roman de ma vie se comprend mieux&hellip;","og_url":"https:\/\/lemondenouveau.org\/?p=301","og_site_name":"Le Monde Nouveau","article_published_time":"2016-09-12T21:07:58+00:00","article_modified_time":"2019-12-30T18:05:52+00:00","author":"Pierre Marie","twitter_card":"summary_large_image","twitter_misc":{"\u00c9crit par":"Pierre Marie","Dur\u00e9e de lecture estim\u00e9e":"2 minutes"},"schema":{"@context":"https:\/\/schema.org","@graph":[{"@type":"Article","@id":"https:\/\/lemondenouveau.org\/?p=301#article","isPartOf":{"@id":"https:\/\/lemondenouveau.org\/?p=301"},"author":{"name":"Pierre Marie","@id":"https:\/\/lemondenouveau.org\/#\/schema\/person\/cea711afff6edcdb7abe975014e2e4fe"},"headline":"Pr\u00e9sentation de la th\u00e9rapie par la biographie","datePublished":"2016-09-12T21:07:58+00:00","dateModified":"2019-12-30T18:05:52+00:00","mainEntityOfPage":{"@id":"https:\/\/lemondenouveau.org\/?p=301"},"wordCount":453,"commentCount":0,"keywords":["\u00e2me","aura","biographie","corps d'\u00e9nergie","corps lumi\u00e8re","th\u00e9rapie","th\u00e9rapie biographie"],"articleSection":["Th\u00e9rapie par la biographie"],"inLanguage":"fr-FR","potentialAction":[{"@type":"CommentAction","name":"Comment","target":["https:\/\/lemondenouveau.org\/?p=301#respond"]}]},{"@type":"WebPage","@id":"https:\/\/lemondenouveau.org\/?p=301","url":"https:\/\/lemondenouveau.org\/?p=301","name":"Pr\u00e9sentation de la th\u00e9rapie par la biographie - Le Monde Nouveau","isPartOf":{"@id":"https:\/\/lemondenouveau.org\/#website"},"datePublished":"2016-09-12T21:07:58+00:00","dateModified":"2019-12-30T18:05:52+00:00","author":{"@id":"https:\/\/lemondenouveau.org\/#\/schema\/person\/cea711afff6edcdb7abe975014e2e4fe"},"breadcrumb":{"@id":"https:\/\/lemondenouveau.org\/?p=301#breadcrumb"},"inLanguage":"fr-FR","potentialAction":[{"@type":"ReadAction","target":["https:\/\/lemondenouveau.org\/?p=301"]}]},{"@type":"BreadcrumbList","@id":"https:\/\/lemondenouveau.org\/?p=301#breadcrumb","itemListElement":[{"@type":"ListItem","position":1,"name":"Accueil","item":"https:\/\/lemondenouveau.org\/"},{"@type":"ListItem","position":2,"name":"Pr\u00e9sentation de la th\u00e9rapie par la biographie"}]},{"@type":"WebSite","@id":"https:\/\/lemondenouveau.org\/#website","url":"https:\/\/lemondenouveau.org\/","name":"Le Monde Nouveau","description":"Ce site est ouvert \u00e0 toutes recherches profondes permettant de comprendre les \u00e9v\u00e9nements du pass\u00e9, du pr\u00e9sent et de dessiner l\u2019\u00e9volution de l\u2019avenir.","potentialAction":[{"@type":"SearchAction","target":{"@type":"EntryPoint","urlTemplate":"https:\/\/lemondenouveau.org\/?s={search_term_string}"},"query-input":{"@type":"PropertyValueSpecification","valueRequired":true,"valueName":"search_term_string"}}],"inLanguage":"fr-FR"},{"@type":"Person","@id":"https:\/\/lemondenouveau.org\/#\/schema\/person\/cea711afff6edcdb7abe975014e2e4fe","name":"Pierre Marie","image":{"@type":"ImageObject","inLanguage":"fr-FR","@id":"https:\/\/secure.gravatar.com\/avatar\/6c8d56128c24f3a5d67dbfe7178f829c76c588c34539f5326241adb814b82020?s=96&d=mm&r=g","url":"https:\/\/secure.gravatar.com\/avatar\/6c8d56128c24f3a5d67dbfe7178f829c76c588c34539f5326241adb814b82020?s=96&d=mm&r=g","contentUrl":"https:\/\/secure.gravatar.com\/avatar\/6c8d56128c24f3a5d67dbfe7178f829c76c588c34539f5326241adb814b82020?s=96&d=mm&r=g","caption":"Pierre Marie"},"url":"https:\/\/lemondenouveau.org\/?author=1"}]}},"views":1472,"_links":{"self":[{"href":"https:\/\/lemondenouveau.org\/index.php?rest_route=\/wp\/v2\/posts\/301","targetHints":{"allow":["GET"]}}],"collection":[{"href":"https:\/\/lemondenouveau.org\/index.php?rest_route=\/wp\/v2\/posts"}],"about":[{"href":"https:\/\/lemondenouveau.org\/index.php?rest_route=\/wp\/v2\/types\/post"}],"author":[{"embeddable":true,"href":"https:\/\/lemondenouveau.org\/index.php?rest_route=\/wp\/v2\/users\/1"}],"replies":[{"embeddable":true,"href":"https:\/\/lemondenouveau.org\/index.php?rest_route=%2Fwp%2Fv2%2Fcomments&post=301"}],"version-history":[{"count":16,"href":"https:\/\/lemondenouveau.org\/index.php?rest_route=\/wp\/v2\/posts\/301\/revisions"}],"predecessor-version":[{"id":810,"href":"https:\/\/lemondenouveau.org\/index.php?rest_route=\/wp\/v2\/posts\/301\/revisions\/810"}],"wp:attachment":[{"href":"https:\/\/lemondenouveau.org\/index.php?rest_route=%2Fwp%2Fv2%2Fmedia&parent=301"}],"wp:term":[{"taxonomy":"category","embeddable":true,"href":"https:\/\/lemondenouveau.org\/index.php?rest_route=%2Fwp%2Fv2%2Fcategories&post=301"},{"taxonomy":"post_tag","embeddable":true,"href":"https:\/\/lemondenouveau.org\/index.php?rest_route=%2Fwp%2Fv2%2Ftags&post=301"}],"curies":[{"name":"wp","href":"https:\/\/api.w.org\/{rel}","templated":true}]}}