{"id":655,"date":"2018-11-29T13:41:47","date_gmt":"2018-11-29T13:41:47","guid":{"rendered":"http:\/\/lemondenouveau.org\/?p=655"},"modified":"2019-08-04T16:09:13","modified_gmt":"2019-08-04T16:09:13","slug":"qui-veut-aimer-et-construire-la-france-qui-veut-aimer-et-construire-leurope","status":"publish","type":"post","link":"https:\/\/lemondenouveau.org\/?p=655","title":{"rendered":"L\u2019Europe veut-elle vivre ou se d\u00e9sagr\u00e9ger ?"},"content":{"rendered":"<p><strong><span style=\"color: #3366ff;\">Seule la France pourrait sauver l\u2019Europe en la renouvelant totalement !<\/span><\/strong><\/p>\n<p><strong><span style=\"color: #3366ff;\">Pour cela&#8230; La premi\u00e8re condition est de r\u00e9tablir la France dans sa dignit\u00e9 et sa vocation !<\/span><\/strong><\/p>\n<p>&nbsp;<\/p>\n<p><span style=\"color: #3366ff;\"><strong>D\u00e9cupler la France exige en tout premier lieu un d\u00e9gagement des lourdeurs anciennes, ce qui signifie\u00a0:<\/strong><\/span><\/p>\n<ul>\n<li><span style=\"color: #3366ff;\">D\u00e9sint\u00e9grer en France et en Europe la pr\u00e9gnance \u00e9conomique nocive de l\u2019Angleterre et des formations qui en sont issues. Cela inclus la d\u00e9sint\u00e9gration en France et en Europe du type de d\u00e9veloppement commercial Anglo-Saxon, de ses empires bancaires, de son langage, \u00a0et de ses autres imp\u00e9rialismes \u00e9conomiques, financiers et culturels.<\/span><\/li>\n<li><span style=\"color: #3366ff;\">Choisir l\u2019ind\u00e9pendance \u00e9conomique, politique et militaire de l\u2019Europe<\/span><\/li>\n<li><span style=\"color: #3366ff;\">Couper compl\u00e8tement la r\u00e9sonnance de culpabilit\u00e9 mal plac\u00e9e et erron\u00e9e qui asphyxie la France dans sa relation avec l\u2019Afrique et ses habitants.<\/span><\/li>\n<li><span style=\"color: #3366ff;\">D\u00e9gager et prot\u00e9ger les femmes Europ\u00e9ennes de toutes les lourdeurs ancestrales de l\u2019Afrique<\/span><\/li>\n<li><span style=\"color: #3366ff;\">Nourrir la libert\u00e9 int\u00e9rieure avant la libert\u00e9 ext\u00e9rieure !<\/span><\/li>\n<\/ul>\n<p>&nbsp;<\/p>\n<p><span style=\"color: #3366ff;\">Puis d\u00e9gager <strong>une nouvelle alliance<\/strong><\/span><\/p>\n<ul>\n<li><span style=\"color: #3366ff;\">Avec l\u2019Allemagne.<\/span><\/li>\n<li><span style=\"color: #3366ff;\">S\u2019enrichir des socles de l\u2019Europe centrale et orientale (Hongrie, Pologne, Autriche, Russie, \u2026)<\/span><\/li>\n<\/ul>\n<p>&nbsp;<\/p>\n<p><span style=\"color: #3366ff;\"><strong>La mani\u00e8re actuelle \u00a0de r\u00e9agir du colosse Europe produit un enlisement, pr\u00e9pare un cercueil certain dans le temps !<\/strong><\/span><\/p>\n<ul>\n<li><span style=\"color: #3366ff;\">Les souffrances de l\u2019Italie, de la Gr\u00e8ce, de la France sont les pr\u00e9misses de l\u2019impasse \u00e9tablie par cette Europe faite au b\u00e9n\u00e9fice principale de la seule Allemagne \u00ab\u00a0Nous vivons dans \u00ab\u00a0l\u2019Europe de l\u2019Allemagne\u00a0\u00bb!<\/span><\/li>\n<li><span style=\"color: #3366ff;\">l\u2019Europe est \u00e9corn\u00e9e par chaque destin envahissant le sol Europ\u00e9en, par chaque installation individuelle ou familiale sur le sol Europ\u00e9en sans une adh\u00e9sion imm\u00e9diate\u00a0: \u00e0 sa culture,\u00a0 \u00e0 son histoire; sans respect profond et Amour pour sa religion dominante Chr\u00e9tienne.<\/span><\/li>\n<\/ul>\n<p><span style=\"color: #3366ff;\">La m\u00e9moire de l\u2019Europe est en analogie avec les m\u00e9moires de la France, de l\u2019Allemagne, de l\u2019Italie, de la Prusse, de la Russie et d\u2019autres histoires Europ\u00e9ennes.<\/span><\/p>\n<p>&nbsp;<\/p>\n<p><span style=\"color: #3366ff;\"><strong>L\u2019actualit\u00e9 de l\u2019Europe est un d\u00e9sordre semblable \u00e0 l\u2019effondrement programm\u00e9 d\u2019un \u00e9difice par l\u2019\u00e9rosion de sa fondation, la corrosion de sa structure.<\/strong><\/span><\/p>\n<p>&nbsp;<\/p>\n<p><span style=\"color: #3366ff;\">Pierre Marie Le 29 11 2018<\/span><\/p>\n<p>&nbsp;<\/p>\n","protected":false},"excerpt":{"rendered":"<p>Seule la France pourrait sauver l\u2019Europe en la renouvelant totalement ! Pour cela&#8230; La premi\u00e8re condition est de r\u00e9tablir la France dans sa dignit\u00e9 et sa vocation ! &nbsp; D\u00e9cupler la France exige en tout premier lieu un d\u00e9gagement des&hellip; <\/p>\n","protected":false},"author":1,"featured_media":0,"comment_status":"open","ping_status":"open","sticky":false,"template":"","format":"standard","meta":{"footnotes":""},"categories":[7],"tags":[276,275,280,277,282,279,278,281],"class_list":["post-655","post","type-post","status-publish","format-standard","hentry","category-societe-regard-spirituel","tag-aimer-leurope","tag-aimer-la-france","tag-asphyxie-france-culpabilite","tag-construire-leurope","tag-desagregation-europe","tag-europe-centrale","tag-europe-orientale","tag-protection-femmes-europeennes"],"yoast_head":"<!-- This site is optimized with the Yoast SEO plugin v28.4 - https:\/\/yoast.com\/product\/yoast-seo-wordpress\/ -->\n<title>L\u2019Europe veut-elle vivre ou se d\u00e9sagr\u00e9ger ? - Le Monde Nouveau<\/title>\n<meta name=\"robots\" content=\"index, follow, max-snippet:-1, max-image-preview:large, max-video-preview:-1\" \/>\n<link rel=\"canonical\" href=\"https:\/\/lemondenouveau.org\/?p=655\" \/>\n<meta property=\"og:locale\" content=\"fr_FR\" \/>\n<meta property=\"og:type\" content=\"article\" \/>\n<meta property=\"og:title\" content=\"L\u2019Europe veut-elle vivre ou se d\u00e9sagr\u00e9ger ? - Le Monde Nouveau\" \/>\n<meta property=\"og:description\" content=\"Seule la France pourrait sauver l\u2019Europe en la renouvelant totalement ! Pour cela&#8230; La premi\u00e8re condition est de r\u00e9tablir la France dans sa dignit\u00e9 et sa vocation ! &nbsp; D\u00e9cupler la France exige en tout premier lieu un d\u00e9gagement des&hellip;\" \/>\n<meta property=\"og:url\" content=\"https:\/\/lemondenouveau.org\/?p=655\" \/>\n<meta property=\"og:site_name\" content=\"Le Monde Nouveau\" \/>\n<meta property=\"article:published_time\" content=\"2018-11-29T13:41:47+00:00\" \/>\n<meta property=\"article:modified_time\" content=\"2019-08-04T16:09:13+00:00\" \/>\n<meta name=\"author\" content=\"Pierre Marie\" \/>\n<meta name=\"twitter:card\" content=\"summary_large_image\" \/>\n<meta name=\"twitter:label1\" content=\"\u00c9crit par\" \/>\n\t<meta name=\"twitter:data1\" content=\"Pierre Marie\" \/>\n\t<meta name=\"twitter:label2\" content=\"Dur\u00e9e de lecture estim\u00e9e\" \/>\n\t<meta name=\"twitter:data2\" content=\"2 minutes\" \/>\n<script type=\"application\/ld+json\" class=\"yoast-schema-graph\">{\"@context\":\"https:\\\/\\\/schema.org\",\"@graph\":[{\"@type\":\"Article\",\"@id\":\"https:\\\/\\\/lemondenouveau.org\\\/?p=655#article\",\"isPartOf\":{\"@id\":\"https:\\\/\\\/lemondenouveau.org\\\/?p=655\"},\"author\":{\"name\":\"Pierre Marie\",\"@id\":\"https:\\\/\\\/lemondenouveau.org\\\/#\\\/schema\\\/person\\\/cea711afff6edcdb7abe975014e2e4fe\"},\"headline\":\"L\u2019Europe veut-elle vivre ou se d\u00e9sagr\u00e9ger ?\",\"datePublished\":\"2018-11-29T13:41:47+00:00\",\"dateModified\":\"2019-08-04T16:09:13+00:00\",\"mainEntityOfPage\":{\"@id\":\"https:\\\/\\\/lemondenouveau.org\\\/?p=655\"},\"wordCount\":379,\"commentCount\":0,\"keywords\":[\"aimer l'Europe\",\"aimer la France\",\"asphyxie France culpabilit\u00e9\",\"construire l'Europe\",\"d\u00e9sagr\u00e9gation Europe\",\"Europe centrale\",\"Europe orientale\",\"protection femmes Europ\u00e9ennes\"],\"articleSection\":[\"soci\u00e9t\u00e9, regard spirituel\"],\"inLanguage\":\"fr-FR\",\"potentialAction\":[{\"@type\":\"CommentAction\",\"name\":\"Comment\",\"target\":[\"https:\\\/\\\/lemondenouveau.org\\\/?p=655#respond\"]}]},{\"@type\":\"WebPage\",\"@id\":\"https:\\\/\\\/lemondenouveau.org\\\/?p=655\",\"url\":\"https:\\\/\\\/lemondenouveau.org\\\/?p=655\",\"name\":\"L\u2019Europe veut-elle vivre ou se d\u00e9sagr\u00e9ger ? - Le Monde Nouveau\",\"isPartOf\":{\"@id\":\"https:\\\/\\\/lemondenouveau.org\\\/#website\"},\"datePublished\":\"2018-11-29T13:41:47+00:00\",\"dateModified\":\"2019-08-04T16:09:13+00:00\",\"author\":{\"@id\":\"https:\\\/\\\/lemondenouveau.org\\\/#\\\/schema\\\/person\\\/cea711afff6edcdb7abe975014e2e4fe\"},\"breadcrumb\":{\"@id\":\"https:\\\/\\\/lemondenouveau.org\\\/?p=655#breadcrumb\"},\"inLanguage\":\"fr-FR\",\"potentialAction\":[{\"@type\":\"ReadAction\",\"target\":[\"https:\\\/\\\/lemondenouveau.org\\\/?p=655\"]}]},{\"@type\":\"BreadcrumbList\",\"@id\":\"https:\\\/\\\/lemondenouveau.org\\\/?p=655#breadcrumb\",\"itemListElement\":[{\"@type\":\"ListItem\",\"position\":1,\"name\":\"Accueil\",\"item\":\"https:\\\/\\\/lemondenouveau.org\\\/\"},{\"@type\":\"ListItem\",\"position\":2,\"name\":\"L\u2019Europe veut-elle vivre ou se d\u00e9sagr\u00e9ger ?\"}]},{\"@type\":\"WebSite\",\"@id\":\"https:\\\/\\\/lemondenouveau.org\\\/#website\",\"url\":\"https:\\\/\\\/lemondenouveau.org\\\/\",\"name\":\"Le Monde Nouveau\",\"description\":\"Ce site est ouvert \u00e0 toutes recherches profondes permettant de comprendre les \u00e9v\u00e9nements du pass\u00e9, du pr\u00e9sent et de dessiner l\u2019\u00e9volution de l\u2019avenir.\",\"potentialAction\":[{\"@type\":\"SearchAction\",\"target\":{\"@type\":\"EntryPoint\",\"urlTemplate\":\"https:\\\/\\\/lemondenouveau.org\\\/?s={search_term_string}\"},\"query-input\":{\"@type\":\"PropertyValueSpecification\",\"valueRequired\":true,\"valueName\":\"search_term_string\"}}],\"inLanguage\":\"fr-FR\"},{\"@type\":\"Person\",\"@id\":\"https:\\\/\\\/lemondenouveau.org\\\/#\\\/schema\\\/person\\\/cea711afff6edcdb7abe975014e2e4fe\",\"name\":\"Pierre Marie\",\"image\":{\"@type\":\"ImageObject\",\"inLanguage\":\"fr-FR\",\"@id\":\"https:\\\/\\\/secure.gravatar.com\\\/avatar\\\/6c8d56128c24f3a5d67dbfe7178f829c76c588c34539f5326241adb814b82020?s=96&d=mm&r=g\",\"url\":\"https:\\\/\\\/secure.gravatar.com\\\/avatar\\\/6c8d56128c24f3a5d67dbfe7178f829c76c588c34539f5326241adb814b82020?s=96&d=mm&r=g\",\"contentUrl\":\"https:\\\/\\\/secure.gravatar.com\\\/avatar\\\/6c8d56128c24f3a5d67dbfe7178f829c76c588c34539f5326241adb814b82020?s=96&d=mm&r=g\",\"caption\":\"Pierre Marie\"},\"url\":\"https:\\\/\\\/lemondenouveau.org\\\/?author=1\"}]}<\/script>\n<!-- \/ Yoast SEO plugin. -->","yoast_head_json":{"title":"L\u2019Europe veut-elle vivre ou se d\u00e9sagr\u00e9ger ? - Le Monde Nouveau","robots":{"index":"index","follow":"follow","max-snippet":"max-snippet:-1","max-image-preview":"max-image-preview:large","max-video-preview":"max-video-preview:-1"},"canonical":"https:\/\/lemondenouveau.org\/?p=655","og_locale":"fr_FR","og_type":"article","og_title":"L\u2019Europe veut-elle vivre ou se d\u00e9sagr\u00e9ger ? - Le Monde Nouveau","og_description":"Seule la France pourrait sauver l\u2019Europe en la renouvelant totalement ! Pour cela&#8230; La premi\u00e8re condition est de r\u00e9tablir la France dans sa dignit\u00e9 et sa vocation ! &nbsp; D\u00e9cupler la France exige en tout premier lieu un d\u00e9gagement des&hellip;","og_url":"https:\/\/lemondenouveau.org\/?p=655","og_site_name":"Le Monde Nouveau","article_published_time":"2018-11-29T13:41:47+00:00","article_modified_time":"2019-08-04T16:09:13+00:00","author":"Pierre Marie","twitter_card":"summary_large_image","twitter_misc":{"\u00c9crit par":"Pierre Marie","Dur\u00e9e de lecture estim\u00e9e":"2 minutes"},"schema":{"@context":"https:\/\/schema.org","@graph":[{"@type":"Article","@id":"https:\/\/lemondenouveau.org\/?p=655#article","isPartOf":{"@id":"https:\/\/lemondenouveau.org\/?p=655"},"author":{"name":"Pierre Marie","@id":"https:\/\/lemondenouveau.org\/#\/schema\/person\/cea711afff6edcdb7abe975014e2e4fe"},"headline":"L\u2019Europe veut-elle vivre ou se d\u00e9sagr\u00e9ger ?","datePublished":"2018-11-29T13:41:47+00:00","dateModified":"2019-08-04T16:09:13+00:00","mainEntityOfPage":{"@id":"https:\/\/lemondenouveau.org\/?p=655"},"wordCount":379,"commentCount":0,"keywords":["aimer l'Europe","aimer la France","asphyxie France culpabilit\u00e9","construire l'Europe","d\u00e9sagr\u00e9gation Europe","Europe centrale","Europe orientale","protection femmes Europ\u00e9ennes"],"articleSection":["soci\u00e9t\u00e9, regard spirituel"],"inLanguage":"fr-FR","potentialAction":[{"@type":"CommentAction","name":"Comment","target":["https:\/\/lemondenouveau.org\/?p=655#respond"]}]},{"@type":"WebPage","@id":"https:\/\/lemondenouveau.org\/?p=655","url":"https:\/\/lemondenouveau.org\/?p=655","name":"L\u2019Europe veut-elle vivre ou se d\u00e9sagr\u00e9ger ? - Le Monde Nouveau","isPartOf":{"@id":"https:\/\/lemondenouveau.org\/#website"},"datePublished":"2018-11-29T13:41:47+00:00","dateModified":"2019-08-04T16:09:13+00:00","author":{"@id":"https:\/\/lemondenouveau.org\/#\/schema\/person\/cea711afff6edcdb7abe975014e2e4fe"},"breadcrumb":{"@id":"https:\/\/lemondenouveau.org\/?p=655#breadcrumb"},"inLanguage":"fr-FR","potentialAction":[{"@type":"ReadAction","target":["https:\/\/lemondenouveau.org\/?p=655"]}]},{"@type":"BreadcrumbList","@id":"https:\/\/lemondenouveau.org\/?p=655#breadcrumb","itemListElement":[{"@type":"ListItem","position":1,"name":"Accueil","item":"https:\/\/lemondenouveau.org\/"},{"@type":"ListItem","position":2,"name":"L\u2019Europe veut-elle vivre ou se d\u00e9sagr\u00e9ger ?"}]},{"@type":"WebSite","@id":"https:\/\/lemondenouveau.org\/#website","url":"https:\/\/lemondenouveau.org\/","name":"Le Monde Nouveau","description":"Ce site est ouvert \u00e0 toutes recherches profondes permettant de comprendre les \u00e9v\u00e9nements du pass\u00e9, du pr\u00e9sent et de dessiner l\u2019\u00e9volution de l\u2019avenir.","potentialAction":[{"@type":"SearchAction","target":{"@type":"EntryPoint","urlTemplate":"https:\/\/lemondenouveau.org\/?s={search_term_string}"},"query-input":{"@type":"PropertyValueSpecification","valueRequired":true,"valueName":"search_term_string"}}],"inLanguage":"fr-FR"},{"@type":"Person","@id":"https:\/\/lemondenouveau.org\/#\/schema\/person\/cea711afff6edcdb7abe975014e2e4fe","name":"Pierre Marie","image":{"@type":"ImageObject","inLanguage":"fr-FR","@id":"https:\/\/secure.gravatar.com\/avatar\/6c8d56128c24f3a5d67dbfe7178f829c76c588c34539f5326241adb814b82020?s=96&d=mm&r=g","url":"https:\/\/secure.gravatar.com\/avatar\/6c8d56128c24f3a5d67dbfe7178f829c76c588c34539f5326241adb814b82020?s=96&d=mm&r=g","contentUrl":"https:\/\/secure.gravatar.com\/avatar\/6c8d56128c24f3a5d67dbfe7178f829c76c588c34539f5326241adb814b82020?s=96&d=mm&r=g","caption":"Pierre Marie"},"url":"https:\/\/lemondenouveau.org\/?author=1"}]}},"views":1208,"_links":{"self":[{"href":"https:\/\/lemondenouveau.org\/index.php?rest_route=\/wp\/v2\/posts\/655","targetHints":{"allow":["GET"]}}],"collection":[{"href":"https:\/\/lemondenouveau.org\/index.php?rest_route=\/wp\/v2\/posts"}],"about":[{"href":"https:\/\/lemondenouveau.org\/index.php?rest_route=\/wp\/v2\/types\/post"}],"author":[{"embeddable":true,"href":"https:\/\/lemondenouveau.org\/index.php?rest_route=\/wp\/v2\/users\/1"}],"replies":[{"embeddable":true,"href":"https:\/\/lemondenouveau.org\/index.php?rest_route=%2Fwp%2Fv2%2Fcomments&post=655"}],"version-history":[{"count":5,"href":"https:\/\/lemondenouveau.org\/index.php?rest_route=\/wp\/v2\/posts\/655\/revisions"}],"predecessor-version":[{"id":662,"href":"https:\/\/lemondenouveau.org\/index.php?rest_route=\/wp\/v2\/posts\/655\/revisions\/662"}],"wp:attachment":[{"href":"https:\/\/lemondenouveau.org\/index.php?rest_route=%2Fwp%2Fv2%2Fmedia&parent=655"}],"wp:term":[{"taxonomy":"category","embeddable":true,"href":"https:\/\/lemondenouveau.org\/index.php?rest_route=%2Fwp%2Fv2%2Fcategories&post=655"},{"taxonomy":"post_tag","embeddable":true,"href":"https:\/\/lemondenouveau.org\/index.php?rest_route=%2Fwp%2Fv2%2Ftags&post=655"}],"curies":[{"name":"wp","href":"https:\/\/api.w.org\/{rel}","templated":true}]}}