{"id":792,"date":"2019-09-29T00:00:02","date_gmt":"2019-09-29T00:00:02","guid":{"rendered":"http:\/\/lemondenouveau.org\/?p=792"},"modified":"2024-07-07T16:15:46","modified_gmt":"2024-07-07T16:15:46","slug":"enfants-programmes-orphelins-de-pere-par-la-loi-rouen-vit-un-incendie-terrible-repetition-symbolique","status":"publish","type":"post","link":"https:\/\/lemondenouveau.org\/?p=792","title":{"rendered":"Enfants programm\u00e9s orphelins de p\u00e8re par la loi."},"content":{"rendered":"<p><span style=\"color: #3366ff;\"><strong>Le vendredi 27 septembre 2019 vote \u00e0 l\u2019assembl\u00e9e nationale pour autoriser la procr\u00e9ation m\u00e9dicale assist\u00e9e sans p\u00e8re.<\/strong><\/span><\/p>\n<p><span style=\"color: #3366ff;\">Pour ce vote, 502 d\u00e9put\u00e9s \u00e9lus par le peuple sont absents ; donc 87 % des d\u00e9put\u00e9s sont absents \u00a0!!!\u00a0 Pas concern\u00e9s sans doute&#8230;<\/span><\/p>\n<p><span style=\"color: #3366ff;\">75 d\u00e9put\u00e9s pr\u00e9sents, donc une infime partie des d\u00e9put\u00e9s (13 %) est pr\u00eate \u00e0 assumer son vote \u2026 (55 d\u00e9put\u00e9s ont vot\u00e9 pour, 17 contre et 3 se sont abstenus).<\/span><\/p>\n<p><span style=\"color: #3366ff;\">502 d\u00e9put\u00e9s tr\u00e8s courageux certainement, ayant le courage de leurs opinions certainement, pleins de l\u2019esprit de responsabilit\u00e9 certainement, ayant certainement l\u2019habitude de r\u00e9pondre de leurs actes, ont choisi d\u2019\u00eatre absent\u2026<\/span><\/p>\n<p><span style=\"color: #3366ff;\">Autant dire que<strong> l\u2019\u00e9tat est absent, comme un fant\u00f4me, pour prendre des d\u00e9cisions qui engagent l\u2019int\u00e9grit\u00e9 de l\u2019humanit\u00e9.<\/strong> Dans quel monde est-on l\u00e0 ?<\/span><\/p>\n<p><span style=\"color: #3366ff;\"><strong>La procr\u00e9ation m\u00e9dicale assist\u00e9e sans p\u00e8re :<\/strong><\/span><\/p>\n<p><span style=\"color: #3366ff;\">L\u2019enjeu est clair, manipuler la nature et sacrifier ce qui est donn\u00e9 par la nature aux enfants, le rayonnement et la pr\u00e9sence d\u2019une m\u00e8re et d\u2019un p\u00e8re. Les enfants de femmes seules ou de couples lesbiens seront donc sacrifi\u00e9s \u00e0 ce qui engage la vie, leur construction psychique, pour toute leur vie, ils seront sans p\u00e8re. Cela de fa\u00e7on totale et irr\u00e9versible, non par un accident physique, non par les m\u00e9saventures de la vie, mais par une d\u00e9cision de loi. \u00a0<\/span><\/p>\n<p><span style=\"color: #3366ff;\">Les paroles de psychiatres, psychanalystes, psychologues, acad\u00e9mie de m\u00e9decine<a style=\"color: #3366ff;\" href=\"#_ftn2\" name=\"_ftnref2\">[2]<\/a> ne comptent pas. Le mat\u00e9rialisme a besoin de vendre une morale pour l\u2019adosser \u00e0 la profonde mis\u00e8re spirituelle du monde de consommation mat\u00e9rialiste ; et voici la morale- amorale qu\u2019ils vendent \u00e0 leur \u00e9lectorat pour tenter de faire croire \u00e0 une \u00e9volution moderne\u2026Triste monde, tristes individus !<\/span><\/p>\n<p><span style=\"color: #3366ff;\"><strong>Qui conna\u00eet la profondeur ?<\/strong><\/span><\/p>\n<p><span style=\"color: #3366ff;\">Qui conna\u00eet la profondeur de ce qu\u2019est la destruction de la disponibilit\u00e9 de l\u2019enfant \u00e0 se construire aupr\u00e8s du p\u00e8re ?<\/span><\/p>\n<p><span style=\"color: #3366ff;\">Qui conna\u00eet la libert\u00e9 d\u2019une femme et d\u2019un Homme \u00e0 \u00e9difier une \u0153uvre verticale spirituelle, avec des enfants ou sans enfants, un travail de couple spirituel qui noue un mouvement et une \u00e9dification bien sup\u00e9rieure \u00e0 chacun (de la femme et de l\u2019homme) ?<\/span><\/p>\n<p><span style=\"color: #3366ff;\">Qui s\u2019enrichit de la libert\u00e9 des contradictions naissant de la nature sp\u00e9cifique de la femme et de l\u2019homme ? Pour l\u2019enfant, depuis la naissance, dans l\u2019enfance et plus tard dans la femme ou l\u2019homme devenu adulte\u00a0<\/span><\/p>\n<p><span style=\"color: #3366ff;\"><strong>Je choisis de dire que l\u2019irr\u00e9parable se pr\u00e9pare et qu\u2019il n\u2019y aura pas de sortie honorable et discr\u00e8te pour les femmes s\u2019engageant dans cette dimension excluant le p\u00e8re.<\/strong><\/span><\/p>\n<p><span style=\"color: #3366ff;\"><strong>Le souhait de la lumi\u00e8re est d\u2019embraser la conscience spirituelle pour signifier l\u2019affligeante d\u00e9cision,<\/strong> entorse \u00e0 la loi spirituelle et naturelle, d\u00e9fi au sacr\u00e9 et \u00e0 la mati\u00e8re. Cette mati\u00e8re, qui pour eux, doit ob\u00e9ir aux seuls d\u00e9sirs dans le d\u00e9sordre psychique, sans s\u2019enrichir de la lumi\u00e8re f\u00e9condante dans le c\u0153ur-mati\u00e8re\u2026<\/span><\/p>\n<p><span style=\"color: #3366ff;\">Pierre Marie le 28 septembre 2019<\/span><\/p>\n<p><span style=\"color: #3366ff;\"><a style=\"color: #3366ff;\" href=\"#_ftnref2\" name=\"_ftn2\">[2]<\/a> l&rsquo;ouverture de la PMA est la mesure la plus symbolique, a \u00e9t\u00e9 adopt\u00e9 en s\u00e9ance par l&rsquo;Acad\u00e9mie, mardi 17\u00a0septembre, par 69\u00a0voix pour, 11\u00a0contre et 5\u00a0abstentions. \u00a0<strong>\u00ab\u00a0Le r\u00f4le des m\u00e8res et des p\u00e8res ne sont pas \u00e9quivalents\u00a0\u00bb<\/strong>. Le rapport \u00ab\u00a0reconna\u00eet la l\u00e9gitimit\u00e9 du d\u00e9sir de maternit\u00e9 chez toute femme quelle que soit sa situation\u00a0\u00bb, mais juge qu'\u00a0\u00bbil faut aussi au titre de la m\u00eame \u00e9galit\u00e9 des droits tenir compte du droit de tout enfant \u00e0 avoir un p\u00e8re et une m\u00e8re dans la mesure du possible\u00a0\u00bb. Un argument r\u00e9guli\u00e8rement avanc\u00e9 par les militants de la Manif pour tous, oppos\u00e9s \u00e0 l&rsquo;extension de la procr\u00e9ation m\u00e9dicalement assist\u00e9e aux couples de lesbiennes. La PMA cr\u00e9erait une \u00ab\u00a0rupture volontaire d&rsquo;\u00e9galit\u00e9 entre les enfants\u00a0\u00bb, estime le rapport. \u00ab\u00a0Une rupture anthropologique majeure qui n&rsquo;est pas sans risques pour le d\u00e9veloppement psychologique et l&rsquo;\u00e9panouissement de l&rsquo;enfant.\u00a0\u00bb Car l&rsquo;Acad\u00e9mie insiste sur l&rsquo;importance de la figure du p\u00e8re, \u00ab\u00a0fondatrice pour la personnalit\u00e9 de l&rsquo;enfant\u00a0\u00bb. \u00ab\u00a0L&rsquo;existence de deux mots distincts, p\u00e8re et m\u00e8re, signifie que l&rsquo;un ne peut se substituer \u00e0 l&rsquo;autre car le r\u00f4le des m\u00e8res et des p\u00e8res ne sont pas \u00e9quivalents\u00a0\u00bb, r\u00e9sume-t-elle.<\/span><\/p>\n<p><span style=\"color: #3366ff;\"><strong>De nouvelles \u00e9tudes exig\u00e9es<\/strong> L&rsquo;Acad\u00e9mie critique \u00e9galement les \u00e9valuations men\u00e9es dans des pays anglo-saxons et europ\u00e9ens ne relevant pas de risque sp\u00e9cifique pour l&rsquo;enfant. Des donn\u00e9es qu&rsquo;elle \u00ab\u00a0ne juge pas tr\u00e8s convaincantes\u00a0\u00bb sur le \u00ab\u00a0plan m\u00e9thodologique\u00a0\u00bb. Le nombre de cas \u00e9tudi\u00e9s lui semble insuffisant, comme la dur\u00e9e d&rsquo;observation \u00ab\u00a0sur des enfants n&rsquo;ayant pas toujours atteint l&rsquo;\u00e2ge des questions existentielles\u00a0\u00bb. L&rsquo;ANM demande que soient r\u00e9alis\u00e9es des \u00e9tudes \u00ab\u00a0en milieu p\u00e9dopsychiatrique \u00e0 partir d&rsquo;enfants priv\u00e9s de p\u00e8res, parmi lesquels ceux issus de l&rsquo;AMP [aide m\u00e9dicale \u00e0 la procr\u00e9ation, NDLR] pour femmes seules ou en couple\u00a0\u00bb, pour permettre d&rsquo;\u00e9valuer le devenir de ces enfants \u00ab\u00a0au nom du principe de pr\u00e9caution si souvent \u00e9voqu\u00e9 pour des sujets d&rsquo;importance moindre\u00a0\u00bb.<\/span><\/p>\n<p><span style=\"color: #3366ff;\"><strong>\u00ab\u00a0Peut-on accepter qu&rsquo;un enfant soit priv\u00e9 de p\u00e8re<\/strong>\u00a0<strong>?\u00a0\u00bb<\/strong> Interrog\u00e9 sur\u00a0<a style=\"color: #3366ff;\" href=\"http:\/\/www.francetvinfo.fr\/societe\/pma\/extension-de-la-pma-peut-on-accepter-qu-un-enfant-soit-deliberement-prive-de-pere-se-questionne-l-academie-nationale-de-medecine_3626533.html\">Franceinfo<\/a>, le rapporteur au nom du comit\u00e9 d&rsquo;\u00e9thique de l&rsquo;Acad\u00e9mie de m\u00e9decine et ancien ministre de la Sant\u00e9, Jean-Fran\u00e7ois Mattei, estime que \u00ab\u00a0quand on prend la discussion par le biais du d\u00e9sir des femmes d&rsquo;\u00eatre m\u00e8re et d&rsquo;\u00e9lever un enfant, il n&rsquo;y a rien \u00e0 dire\u00a0\u00bb. \u00ab\u00a0En revanche, quand on se penche sur cette question par le biais de l&rsquo;enfant, peut-on accepter qu&rsquo;un enfant soit d\u00e9lib\u00e9r\u00e9ment priv\u00e9 de p\u00e8re\u00a0? Nous disons\u00a0: attention, il y a des risques, pour son \u00e9panouissement et son futur.\u00a0\u00bb \u00ab\u00a0Sur le plan m\u00e9dical, les psychiatres nous disent\u00a0: nous ne sommes pas toujours capable de dire ce qu&rsquo;apporte un p\u00e8re, mais en revanche, nous sommes capables de dire ce que son absence provoque. C&rsquo;est aussi clair que \u00e7a\u00a0\u00bb, souligne-t-il.<\/span><\/p>\n","protected":false},"excerpt":{"rendered":"<p>Le vendredi 27 septembre 2019 vote \u00e0 l\u2019assembl\u00e9e nationale pour autoriser la procr\u00e9ation m\u00e9dicale assist\u00e9e sans p\u00e8re. Pour ce vote, 502 d\u00e9put\u00e9s \u00e9lus par le peuple sont absents ; donc 87 % des d\u00e9put\u00e9s sont absents \u00a0!!!\u00a0 Pas concern\u00e9s sans&hellip; <\/p>\n","protected":false},"author":1,"featured_media":0,"comment_status":"open","ping_status":"open","sticky":false,"template":"","format":"standard","meta":{"footnotes":""},"categories":[3,7,2],"tags":[336,335,333,334],"class_list":["post-792","post","type-post","status-publish","format-standard","hentry","category-science-de-lame","category-societe-regard-spirituel","category-spiritualite","tag-brasier-de-jeanne-darc","tag-incendie-de-rouen","tag-pma-sans-pere","tag-preceration-medicale-assistee-sans-pere"],"yoast_head":"<!-- This site is optimized with the Yoast SEO plugin v28.3 - https:\/\/yoast.com\/product\/yoast-seo-wordpress\/ -->\n<title>Enfants programm\u00e9s orphelins de p\u00e8re par la loi. - Le Monde Nouveau<\/title>\n<meta name=\"robots\" content=\"index, follow, max-snippet:-1, max-image-preview:large, max-video-preview:-1\" \/>\n<link rel=\"canonical\" href=\"https:\/\/lemondenouveau.org\/?p=792\" \/>\n<meta property=\"og:locale\" content=\"fr_FR\" \/>\n<meta property=\"og:type\" content=\"article\" \/>\n<meta property=\"og:title\" content=\"Enfants programm\u00e9s orphelins de p\u00e8re par la loi. - Le Monde Nouveau\" \/>\n<meta property=\"og:description\" content=\"Le vendredi 27 septembre 2019 vote \u00e0 l\u2019assembl\u00e9e nationale pour autoriser la procr\u00e9ation m\u00e9dicale assist\u00e9e sans p\u00e8re. Pour ce vote, 502 d\u00e9put\u00e9s \u00e9lus par le peuple sont absents ; donc 87 % des d\u00e9put\u00e9s sont absents \u00a0!!!\u00a0 Pas concern\u00e9s sans&hellip;\" \/>\n<meta property=\"og:url\" content=\"https:\/\/lemondenouveau.org\/?p=792\" \/>\n<meta property=\"og:site_name\" content=\"Le Monde Nouveau\" \/>\n<meta property=\"article:published_time\" content=\"2019-09-29T00:00:02+00:00\" \/>\n<meta property=\"article:modified_time\" content=\"2024-07-07T16:15:46+00:00\" \/>\n<meta name=\"author\" content=\"Pierre Marie\" \/>\n<meta name=\"twitter:card\" content=\"summary_large_image\" \/>\n<meta name=\"twitter:label1\" content=\"\u00c9crit par\" \/>\n\t<meta name=\"twitter:data1\" content=\"Pierre Marie\" \/>\n\t<meta name=\"twitter:label2\" content=\"Dur\u00e9e de lecture estim\u00e9e\" \/>\n\t<meta name=\"twitter:data2\" content=\"6 minutes\" \/>\n<script type=\"application\/ld+json\" class=\"yoast-schema-graph\">{\"@context\":\"https:\\\/\\\/schema.org\",\"@graph\":[{\"@type\":\"Article\",\"@id\":\"https:\\\/\\\/lemondenouveau.org\\\/?p=792#article\",\"isPartOf\":{\"@id\":\"https:\\\/\\\/lemondenouveau.org\\\/?p=792\"},\"author\":{\"name\":\"Pierre Marie\",\"@id\":\"https:\\\/\\\/lemondenouveau.org\\\/#\\\/schema\\\/person\\\/cea711afff6edcdb7abe975014e2e4fe\"},\"headline\":\"Enfants programm\u00e9s orphelins de p\u00e8re par la loi.\",\"datePublished\":\"2019-09-29T00:00:02+00:00\",\"dateModified\":\"2024-07-07T16:15:46+00:00\",\"mainEntityOfPage\":{\"@id\":\"https:\\\/\\\/lemondenouveau.org\\\/?p=792\"},\"wordCount\":1047,\"commentCount\":0,\"keywords\":[\"brasier de Jeanne d'arc\",\"incendie de rouen\",\"pma sans p\u00e8re\",\"pr\u00e9c\u00e9ration m\u00e9dicale assist\u00e9e sans p\u00e8re\"],\"articleSection\":[\"Science de l'\u00e2me\",\"soci\u00e9t\u00e9, regard spirituel\",\"Spiritualit\u00e9\"],\"inLanguage\":\"fr-FR\",\"potentialAction\":[{\"@type\":\"CommentAction\",\"name\":\"Comment\",\"target\":[\"https:\\\/\\\/lemondenouveau.org\\\/?p=792#respond\"]}]},{\"@type\":\"WebPage\",\"@id\":\"https:\\\/\\\/lemondenouveau.org\\\/?p=792\",\"url\":\"https:\\\/\\\/lemondenouveau.org\\\/?p=792\",\"name\":\"Enfants programm\u00e9s orphelins de p\u00e8re par la loi. - Le Monde Nouveau\",\"isPartOf\":{\"@id\":\"https:\\\/\\\/lemondenouveau.org\\\/#website\"},\"datePublished\":\"2019-09-29T00:00:02+00:00\",\"dateModified\":\"2024-07-07T16:15:46+00:00\",\"author\":{\"@id\":\"https:\\\/\\\/lemondenouveau.org\\\/#\\\/schema\\\/person\\\/cea711afff6edcdb7abe975014e2e4fe\"},\"breadcrumb\":{\"@id\":\"https:\\\/\\\/lemondenouveau.org\\\/?p=792#breadcrumb\"},\"inLanguage\":\"fr-FR\",\"potentialAction\":[{\"@type\":\"ReadAction\",\"target\":[\"https:\\\/\\\/lemondenouveau.org\\\/?p=792\"]}]},{\"@type\":\"BreadcrumbList\",\"@id\":\"https:\\\/\\\/lemondenouveau.org\\\/?p=792#breadcrumb\",\"itemListElement\":[{\"@type\":\"ListItem\",\"position\":1,\"name\":\"Accueil\",\"item\":\"https:\\\/\\\/lemondenouveau.org\\\/\"},{\"@type\":\"ListItem\",\"position\":2,\"name\":\"Enfants programm\u00e9s orphelins de p\u00e8re par la loi.\"}]},{\"@type\":\"WebSite\",\"@id\":\"https:\\\/\\\/lemondenouveau.org\\\/#website\",\"url\":\"https:\\\/\\\/lemondenouveau.org\\\/\",\"name\":\"Le Monde Nouveau\",\"description\":\"Ce site est ouvert \u00e0 toutes recherches profondes permettant de comprendre les \u00e9v\u00e9nements du pass\u00e9, du pr\u00e9sent et de dessiner l\u2019\u00e9volution de l\u2019avenir.\",\"potentialAction\":[{\"@type\":\"SearchAction\",\"target\":{\"@type\":\"EntryPoint\",\"urlTemplate\":\"https:\\\/\\\/lemondenouveau.org\\\/?s={search_term_string}\"},\"query-input\":{\"@type\":\"PropertyValueSpecification\",\"valueRequired\":true,\"valueName\":\"search_term_string\"}}],\"inLanguage\":\"fr-FR\"},{\"@type\":\"Person\",\"@id\":\"https:\\\/\\\/lemondenouveau.org\\\/#\\\/schema\\\/person\\\/cea711afff6edcdb7abe975014e2e4fe\",\"name\":\"Pierre Marie\",\"image\":{\"@type\":\"ImageObject\",\"inLanguage\":\"fr-FR\",\"@id\":\"https:\\\/\\\/secure.gravatar.com\\\/avatar\\\/6c8d56128c24f3a5d67dbfe7178f829c76c588c34539f5326241adb814b82020?s=96&d=mm&r=g\",\"url\":\"https:\\\/\\\/secure.gravatar.com\\\/avatar\\\/6c8d56128c24f3a5d67dbfe7178f829c76c588c34539f5326241adb814b82020?s=96&d=mm&r=g\",\"contentUrl\":\"https:\\\/\\\/secure.gravatar.com\\\/avatar\\\/6c8d56128c24f3a5d67dbfe7178f829c76c588c34539f5326241adb814b82020?s=96&d=mm&r=g\",\"caption\":\"Pierre Marie\"},\"url\":\"https:\\\/\\\/lemondenouveau.org\\\/?author=1\"}]}<\/script>\n<!-- \/ Yoast SEO plugin. -->","yoast_head_json":{"title":"Enfants programm\u00e9s orphelins de p\u00e8re par la loi. - Le Monde Nouveau","robots":{"index":"index","follow":"follow","max-snippet":"max-snippet:-1","max-image-preview":"max-image-preview:large","max-video-preview":"max-video-preview:-1"},"canonical":"https:\/\/lemondenouveau.org\/?p=792","og_locale":"fr_FR","og_type":"article","og_title":"Enfants programm\u00e9s orphelins de p\u00e8re par la loi. - Le Monde Nouveau","og_description":"Le vendredi 27 septembre 2019 vote \u00e0 l\u2019assembl\u00e9e nationale pour autoriser la procr\u00e9ation m\u00e9dicale assist\u00e9e sans p\u00e8re. Pour ce vote, 502 d\u00e9put\u00e9s \u00e9lus par le peuple sont absents ; donc 87 % des d\u00e9put\u00e9s sont absents \u00a0!!!\u00a0 Pas concern\u00e9s sans&hellip;","og_url":"https:\/\/lemondenouveau.org\/?p=792","og_site_name":"Le Monde Nouveau","article_published_time":"2019-09-29T00:00:02+00:00","article_modified_time":"2024-07-07T16:15:46+00:00","author":"Pierre Marie","twitter_card":"summary_large_image","twitter_misc":{"\u00c9crit par":"Pierre Marie","Dur\u00e9e de lecture estim\u00e9e":"6 minutes"},"schema":{"@context":"https:\/\/schema.org","@graph":[{"@type":"Article","@id":"https:\/\/lemondenouveau.org\/?p=792#article","isPartOf":{"@id":"https:\/\/lemondenouveau.org\/?p=792"},"author":{"name":"Pierre Marie","@id":"https:\/\/lemondenouveau.org\/#\/schema\/person\/cea711afff6edcdb7abe975014e2e4fe"},"headline":"Enfants programm\u00e9s orphelins de p\u00e8re par la loi.","datePublished":"2019-09-29T00:00:02+00:00","dateModified":"2024-07-07T16:15:46+00:00","mainEntityOfPage":{"@id":"https:\/\/lemondenouveau.org\/?p=792"},"wordCount":1047,"commentCount":0,"keywords":["brasier de Jeanne d'arc","incendie de rouen","pma sans p\u00e8re","pr\u00e9c\u00e9ration m\u00e9dicale assist\u00e9e sans p\u00e8re"],"articleSection":["Science de l'\u00e2me","soci\u00e9t\u00e9, regard spirituel","Spiritualit\u00e9"],"inLanguage":"fr-FR","potentialAction":[{"@type":"CommentAction","name":"Comment","target":["https:\/\/lemondenouveau.org\/?p=792#respond"]}]},{"@type":"WebPage","@id":"https:\/\/lemondenouveau.org\/?p=792","url":"https:\/\/lemondenouveau.org\/?p=792","name":"Enfants programm\u00e9s orphelins de p\u00e8re par la loi. - Le Monde Nouveau","isPartOf":{"@id":"https:\/\/lemondenouveau.org\/#website"},"datePublished":"2019-09-29T00:00:02+00:00","dateModified":"2024-07-07T16:15:46+00:00","author":{"@id":"https:\/\/lemondenouveau.org\/#\/schema\/person\/cea711afff6edcdb7abe975014e2e4fe"},"breadcrumb":{"@id":"https:\/\/lemondenouveau.org\/?p=792#breadcrumb"},"inLanguage":"fr-FR","potentialAction":[{"@type":"ReadAction","target":["https:\/\/lemondenouveau.org\/?p=792"]}]},{"@type":"BreadcrumbList","@id":"https:\/\/lemondenouveau.org\/?p=792#breadcrumb","itemListElement":[{"@type":"ListItem","position":1,"name":"Accueil","item":"https:\/\/lemondenouveau.org\/"},{"@type":"ListItem","position":2,"name":"Enfants programm\u00e9s orphelins de p\u00e8re par la loi."}]},{"@type":"WebSite","@id":"https:\/\/lemondenouveau.org\/#website","url":"https:\/\/lemondenouveau.org\/","name":"Le Monde Nouveau","description":"Ce site est ouvert \u00e0 toutes recherches profondes permettant de comprendre les \u00e9v\u00e9nements du pass\u00e9, du pr\u00e9sent et de dessiner l\u2019\u00e9volution de l\u2019avenir.","potentialAction":[{"@type":"SearchAction","target":{"@type":"EntryPoint","urlTemplate":"https:\/\/lemondenouveau.org\/?s={search_term_string}"},"query-input":{"@type":"PropertyValueSpecification","valueRequired":true,"valueName":"search_term_string"}}],"inLanguage":"fr-FR"},{"@type":"Person","@id":"https:\/\/lemondenouveau.org\/#\/schema\/person\/cea711afff6edcdb7abe975014e2e4fe","name":"Pierre Marie","image":{"@type":"ImageObject","inLanguage":"fr-FR","@id":"https:\/\/secure.gravatar.com\/avatar\/6c8d56128c24f3a5d67dbfe7178f829c76c588c34539f5326241adb814b82020?s=96&d=mm&r=g","url":"https:\/\/secure.gravatar.com\/avatar\/6c8d56128c24f3a5d67dbfe7178f829c76c588c34539f5326241adb814b82020?s=96&d=mm&r=g","contentUrl":"https:\/\/secure.gravatar.com\/avatar\/6c8d56128c24f3a5d67dbfe7178f829c76c588c34539f5326241adb814b82020?s=96&d=mm&r=g","caption":"Pierre Marie"},"url":"https:\/\/lemondenouveau.org\/?author=1"}]}},"views":1444,"_links":{"self":[{"href":"https:\/\/lemondenouveau.org\/index.php?rest_route=\/wp\/v2\/posts\/792","targetHints":{"allow":["GET"]}}],"collection":[{"href":"https:\/\/lemondenouveau.org\/index.php?rest_route=\/wp\/v2\/posts"}],"about":[{"href":"https:\/\/lemondenouveau.org\/index.php?rest_route=\/wp\/v2\/types\/post"}],"author":[{"embeddable":true,"href":"https:\/\/lemondenouveau.org\/index.php?rest_route=\/wp\/v2\/users\/1"}],"replies":[{"embeddable":true,"href":"https:\/\/lemondenouveau.org\/index.php?rest_route=%2Fwp%2Fv2%2Fcomments&post=792"}],"version-history":[{"count":12,"href":"https:\/\/lemondenouveau.org\/index.php?rest_route=\/wp\/v2\/posts\/792\/revisions"}],"predecessor-version":[{"id":1040,"href":"https:\/\/lemondenouveau.org\/index.php?rest_route=\/wp\/v2\/posts\/792\/revisions\/1040"}],"wp:attachment":[{"href":"https:\/\/lemondenouveau.org\/index.php?rest_route=%2Fwp%2Fv2%2Fmedia&parent=792"}],"wp:term":[{"taxonomy":"category","embeddable":true,"href":"https:\/\/lemondenouveau.org\/index.php?rest_route=%2Fwp%2Fv2%2Fcategories&post=792"},{"taxonomy":"post_tag","embeddable":true,"href":"https:\/\/lemondenouveau.org\/index.php?rest_route=%2Fwp%2Fv2%2Ftags&post=792"}],"curies":[{"name":"wp","href":"https:\/\/api.w.org\/{rel}","templated":true}]}}